{"id":3099,"date":"2025-05-23T15:35:33","date_gmt":"2025-05-23T19:35:33","guid":{"rendered":"https:\/\/herbasimple.com\/blog\/?p=3099"},"modified":"2025-09-12T17:24:27","modified_gmt":"2025-09-12T21:24:27","slug":"preparer-le-terrain-pour-une-bonne-recolte","status":"publish","type":"post","link":"https:\/\/herbasimple.com\/blog\/preparer-le-terrain-pour-une-bonne-recolte\/","title":{"rendered":"Pr\u00e9parer le terrain pour une bonne r\u00e9colte"},"content":{"rendered":"\n<p>J\u2019ai un tr\u00e8s grand terrain \u2014 environ 15 acres de superficie. Au printemps, j&rsquo;ai beaucoup de d\u00e9fis : entretien des arbres, d\u00e9sherbage, amendement du sol, semis, transplantation. C\u2019est beaucoup de travail, oui\u2026 mais c\u2019est aussi une belle opportunit\u00e9 de pr\u00e9parer le terrain pour une bonne r\u00e9colte. <\/p>\n\n\n\n<p>J&rsquo;ai toujours un immense plaisir \u00e0 voir le jardin prendre vie, jour apr\u00e8s jour. Il n\u2019y a rien de plus satisfaisant que d\u2019observer les jeunes pousses s\u2019\u00e9panouir, les fleurs s\u2019ouvrir, les insectes s\u2019activer. Je r\u00eavais d\u2019un jardin o\u00f9 je pourrais sortir chaque matin, les pieds dans la ros\u00e9e, pour y cueillir quelque chose de frais, tout en me promenant. Aujourd\u2019hui, ce r\u00eave devient peu \u00e0 peu r\u00e9alit\u00e9 \u2014 chaque effort que je fais maintenant contribue \u00e0 am\u00e9liorer la qualit\u00e9 des r\u00e9coltes \u00e0 venir. \ud83c\udf3b<\/p>\n\n\n\t\t\t\t<div class=\"wp-block-uagb-table-of-contents uagb-toc__align-left uagb-toc__columns-1  uagb-block-a2e258a5      \"\n\t\t\t\t\tdata-scroll= \"1\"\n\t\t\t\t\tdata-offset= \"30\"\n\t\t\t\t\tstyle=\"\"\n\t\t\t\t>\n\t\t\t\t<div class=\"uagb-toc__wrap\">\n\t\t\t\t\t\t<div class=\"uagb-toc__title\">\n\t\t\t\t\t\t\tTable des mati\u00e8res\t\t\t\t\t\t<\/div>\n\t\t\t\t\t\t\t\t\t\t\t\t\t\t\t\t\t\t\t\t\t\t<div class=\"uagb-toc__list-wrap \">\n\t\t\t\t\t\t<ol class=\"uagb-toc__list\"><li class=\"uagb-toc__list\"><a href=\"#mes-jardins-en-permaculture\" class=\"uagb-toc-link__trigger\">Mes jardins en permaculture<\/a><ul class=\"uagb-toc__list\"><li class=\"uagb-toc__list\"><a href=\"#animaux-sauvages\" class=\"uagb-toc-link__trigger\">Animaux sauvages<\/a><li class=\"uagb-toc__list\"><li class=\"uagb-toc__list\"><a href=\"#arbres-envahissants\" class=\"uagb-toc-link__trigger\">Arbres envahissants<\/a><li class=\"uagb-toc__list\"><li class=\"uagb-toc__list\"><a href=\"#plantes-compagnes\" class=\"uagb-toc-link__trigger\">Plantes compagnes<\/a><\/li><\/ul><\/li><li class=\"uagb-toc__list\"><a href=\"#pr\u00e9parer-le-terrain-pour-une-bonne-r\u00e9colte\" class=\"uagb-toc-link__trigger\">Pr\u00e9parer le terrain pour une bonne r\u00e9colte<\/a><ul class=\"uagb-toc__list\"><li class=\"uagb-toc__list\"><a href=\"#tailler-les-arbres\" class=\"uagb-toc-link__trigger\">Tailler les arbres<\/a><li class=\"uagb-toc__list\"><li class=\"uagb-toc__list\"><a href=\"#protection-contre-les-envahisseurs\" class=\"uagb-toc-link__trigger\">Protection contre les envahisseurs<\/a><li class=\"uagb-toc__list\"><li class=\"uagb-toc__list\"><a href=\"#organisation-des-jardins\" class=\"uagb-toc-link__trigger\">Organisation des jardins<\/a><\/ul><\/ul><\/ol>\t\t\t\t\t<\/div>\n\t\t\t\t\t\t\t\t\t<\/div>\n\t\t\t\t<\/div>\n\t\t\t\n\n\n<h2 class=\"wp-block-heading\">Mes jardins en permaculture <\/h2>\n\n\n\n<p>Au d\u00e9part, j\u2019avais imagin\u00e9 des jardins en permaculture o\u00f9 les plantes m\u00e9dicinales se m\u00ealeraient harmonieusement aux l\u00e9gumes. Mon intention \u00e9tait de profiter des bons compagnonnages pour favoriser la croissance et repousser naturellement certains insectes nuisibles et cr\u00e9er un \u00e9cosyst\u00e8me diversifi\u00e9. Sur le papier, tout semblait parfaitement pens\u00e9. <\/p>\n\n\n\n<p>Mais sur le terrain, les choses ne se sont pas d\u00e9roul\u00e9es comme pr\u00e9vu. \ud83d\ude1e<\/p>\n\n\n\n<h3 class=\"wp-block-heading\">Animaux sauvages<\/h3>\n\n\n\n<p>Ici, la faune est aussi bien install\u00e9e que moi. Cerfs \ud83e\udd8c, ratons laveurs\ud83e\udd9d, moufettes\ud83e\udda8, porcs-\u00e9pics, \u00e9cureuils\ud83d\udc3f, marmottes, dindes sauvages\ud83e\udd83, renards\ud83e\udd8a\u2026 et s\u00fbrement quelques visiteurs nocturnes que je n\u2019ai pas encore crois\u00e9s. R\u00e9cemment, j\u2019ai m\u00eame trouv\u00e9 un arbre fra\u00eechement coup\u00e9, avec les marques d\u2019un castor \u2014 un nouveau voisin, semble-t-il. <\/p>\n\n\n<div class=\"wp-block-image\">\n<figure class=\"aligncenter size-full\"><img data-recalc-dims=\"1\" decoding=\"async\" width=\"318\" height=\"352\" data-src=\"https:\/\/i0.wp.com\/herbasimple.com\/blog\/wp-content\/uploads\/2025\/05\/Cerfs-au-jardin.jpg?resize=318%2C352&#038;ssl=1\" alt=\"\" class=\"wp-image-3100 lazyload\" data-srcset=\"https:\/\/i0.wp.com\/herbasimple.com\/blog\/wp-content\/uploads\/2025\/05\/Cerfs-au-jardin.jpg?w=318&amp;ssl=1 318w, https:\/\/i0.wp.com\/herbasimple.com\/blog\/wp-content\/uploads\/2025\/05\/Cerfs-au-jardin.jpg?resize=271%2C300&amp;ssl=1 271w\" data-sizes=\"(max-width: 318px) 100vw, 318px\" src=\"data:image\/svg+xml;base64,PHN2ZyB3aWR0aD0iMSIgaGVpZ2h0PSIxIiB4bWxucz0iaHR0cDovL3d3dy53My5vcmcvMjAwMC9zdmciPjwvc3ZnPg==\" style=\"--smush-placeholder-width: 318px; --smush-placeholder-aspect-ratio: 318\/352;\" \/><\/figure>\n<\/div>\n\n\n<p>Pendant dix ans, j\u2019ai compos\u00e9 avec eux, en acceptant quelques pertes. J\u2019ai compris qu\u2019il m\u2019\u00e9tait tout simplement impossible de cultiver certains v\u00e9g\u00e9taux trop convoit\u00e9s, comme le ma\u00efs et les tournesols, bien trop app\u00e9tissants pour mes visiteurs \u00e0 quatre pattes. J\u2019avais pris soin de cl\u00f4turer mes jeunes arbres fruitiers, car les cerfs les emp\u00eachaient de se d\u00e9velopper. <\/p>\n\n\n\n<p>Mais<strong> en 2024<\/strong>, j\u2019ai v\u00e9cu une v\u00e9ritable razzia. <strong>Tous mes l\u00e9gumes<\/strong>, \u00e0 l\u2019exception de ceux prot\u00e9g\u00e9s dans la serre, <strong>ont \u00e9t\u00e9 d\u00e9vor\u00e9s<\/strong> \ud83d\ude32 . Et pas seulement les classiques : les cerfs se sont attaqu\u00e9s \u00e0 mes pommes de terre, calendules, pavots, choux, brocolis, concombres\u2026 Ils ont m\u00eame d\u00e9terr\u00e9 les oignons et mang\u00e9 des <strong>plantes normalement toxiques<\/strong>, comme le ricin et la digitale. <\/p>\n\n\n\n<p>Du jamais vu !!! \ud83d\udca5<\/p>\n\n\n\n<h3 class=\"wp-block-heading\">Arbres envahissants<\/h3>\n\n\n\n<p>C\u00f4t\u00e9 cl\u00f4ture naturelle, j\u2019ai aussi voulu suivre les bons conseils : planter des <strong>arbres \u00e9pineux<\/strong> pour d\u00e9courager les cerfs. J\u2019ai donc mis\u00e9 sur l\u2019<strong>argousier<\/strong>, un excellent fixateur d\u2019azote, et sur le <strong>rosier rugueux<\/strong> pour former une <strong>haie d\u00e9fensive autour d\u2019un des jardins<\/strong>. Mais disons-le franchement : <strong>ce f\u00fbt une erreur<\/strong> \u2757 <\/p>\n\n\n\n<p>Les <strong>rosiers rugueux<\/strong> repoussent\u2026 les humains qui coupent le gazon au pourtour du jardin avec leurs <strong>\u00e9pines redoutables<\/strong>. Quant aux <strong>argousiers<\/strong>, s\u2019ils enrichissent le sol, ils font aussi des <strong>drageons<\/strong> surgissent jusque dans les planches de l\u00e9gumes. <\/p>\n\n\n\n<p>J\u2019avais \u00e9galement plant\u00e9 une rang\u00e9e de <strong>saules<\/strong>, dans l\u2019id\u00e9e de cr\u00e9er un <strong>coupe-vent naturel<\/strong> et de produire mon propre <strong>BRF (bois ram\u00e9al fragment\u00e9)<\/strong>. Une strat\u00e9gie qui semblait \u00e0 la fois ing\u00e9nieuse et qui me permettait d&rsquo;\u00eatre autonome pour l&rsquo;enrichissement du sol. <\/p>\n\n\n\n<p>Mais en pratique, les saules se sont r\u00e9v\u00e9l\u00e9s beaucoup <strong>trop gourmands<\/strong> : leurs <strong>racines s\u2019infiltrent partout et drainent les nutriments<\/strong> du jardin. R\u00e9sultat : plusieurs plantes et arbustes peinent \u00e0 cro\u00eetre \u00e0 proximit\u00e9.<\/p>\n\n\n<div class=\"wp-block-image\">\n<figure class=\"aligncenter size-full\"><img data-recalc-dims=\"1\" decoding=\"async\" width=\"640\" height=\"480\" data-src=\"https:\/\/i0.wp.com\/herbasimple.com\/blog\/wp-content\/uploads\/2025\/05\/Saules-au-jardin.png?resize=640%2C480&#038;ssl=1\" alt=\"\" class=\"wp-image-3102 lazyload\" data-srcset=\"https:\/\/i0.wp.com\/herbasimple.com\/blog\/wp-content\/uploads\/2025\/05\/Saules-au-jardin.png?w=756&amp;ssl=1 756w, https:\/\/i0.wp.com\/herbasimple.com\/blog\/wp-content\/uploads\/2025\/05\/Saules-au-jardin.png?resize=300%2C225&amp;ssl=1 300w\" data-sizes=\"(max-width: 640px) 100vw, 640px\" src=\"data:image\/svg+xml;base64,PHN2ZyB3aWR0aD0iMSIgaGVpZ2h0PSIxIiB4bWxucz0iaHR0cDovL3d3dy53My5vcmcvMjAwMC9zdmciPjwvc3ZnPg==\" style=\"--smush-placeholder-width: 640px; --smush-placeholder-aspect-ratio: 640\/480;\" \/><\/figure>\n<\/div>\n\n\n<h3 class=\"wp-block-heading\">Plantes compagnes<\/h3>\n\n\n\n<p>Dans mon plan initial, j\u2019avais eu l\u2019id\u00e9e de r\u00e9partir mes plantes m\u00e9dicinales parmi les l\u00e9gumes, dans l\u2019espoir de profiter des <strong>effets b\u00e9n\u00e9fiques du compagnonnage<\/strong>. Certaines plantes devaient \u00e9loigner les insectes nuisibles, d\u2019autres stimuler la croissance des potag\u00e8res. Mais la r\u00e9alit\u00e9 du terrain m\u2019a vite rattrap\u00e9e. <\/p>\n\n\n\n<p>En dispersant les m\u00e9dicinales un peu partout, <strong>j\u2019\u00e9tais la seule \u00e0 savoir o\u00f9 elles se trouvaient<\/strong>\u2026 et m\u00eame moi, j\u2019en oubliais ! La <strong>r\u00e9colte devenait interminable<\/strong>, le <strong>d\u00e9sherbage infernal<\/strong>. Et les insectes, eux, n\u2019\u00e9taient pas dupes : les chenilles retrouvaient les choux sans difficult\u00e9, m\u00eame entour\u00e9s de plantes aromatiques. <\/p>\n\n\n\n<h2 class=\"wp-block-heading\">Pr\u00e9parer le terrain pour une bonne r\u00e9colte <\/h2>\n\n\n\n<p>Toutes ces erreurs m\u2019ont permis d\u2019apporter des am\u00e9liorations concr\u00e8tes \u00e0 mes jardins. \u00c0 force d\u2019essais, d\u2019observations (et de frustrations !), j\u2019ai ajust\u00e9 mes fa\u00e7ons de faire. Petit \u00e0 petit, saison apr\u00e8s saison, j\u2019apprends \u00e0 mieux \u00e9couter mon terrain. Ce qui fonctionne ailleurs ne fonctionne pas n\u00e9cessairement ici. <\/p>\n\n\n\n<h3 class=\"wp-block-heading\">Tailler les arbres<\/h3>\n\n\n\n<p>Avant m\u00eame de mettre les mains dans la terre, nous avons commenc\u00e9 par tailler les arbres qui nuisaient \u00e0 l\u2019ensoleillement. Un jardin, c\u2019est aussi une question de lumi\u00e8re, et certaines zones \u00e9taient devenues trop ombrag\u00e9es pour permettre une bonne croissance. <\/p>\n\n\n\n<p>Rien ne se perd : en passant les r\u00e9sidus de coupe au d\u00e9chiqueteur, nous avons du <strong>paillis pour enrichir le compost ou pour \u00e9tendre autour des vivaces afin de conserver l\u2019humidit\u00e9 et freiner les mauvaises herbes.<\/strong> Quant aux petites branches, elles sont <strong>br\u00fbl\u00e9es<\/strong> \u2014 et la <strong>cendre r\u00e9cup\u00e9r\u00e9e servira \u00e0 amender les zones du jardin dont le sol est trop acide pour certains l\u00e9gumes<\/strong>.<\/p>\n\n\n\n<h3 class=\"wp-block-heading\">Protection contre les envahisseurs<\/h3>\n\n\n\n<p>Cette ann\u00e9e, j\u2019ai d\u00e9cid\u00e9 de passer \u00e0 l\u2019\u00e9tape sup\u00e9rieure : <strong>tous les jardins seront cl\u00f4tur\u00e9s<\/strong> pour \u00e9loigner les plus gros intrus. Apr\u00e8s tant d\u2019ann\u00e9es \u00e0 partager mes r\u00e9coltes, j\u2019en suis venue \u00e0 la conclusion qu\u2019un peu de distance ne ferait de mal \u00e0 personne. <\/p>\n\n\n\n<p>Et pour les plus astucieux, ceux qui trouvent toujours le moyen de se faufiler sous les mailles du syst\u00e8me (je pense \u00e0 vous, amateurs de raisins \ud83e\udd9d), j\u2019ai pr\u00e9vu <strong>une section avec un fil \u00e9lectrifi\u00e9<\/strong>\u26a1. Pour rappeler que ce jardin est r\u00e9serv\u00e9 aux humains. C\u2019est une tentative pour prot\u00e9ger ce que je cultive avec amour. \ud83d\udc9a<\/p>\n\n\n<div class=\"wp-block-image\">\n<figure class=\"aligncenter size-full\"><img data-recalc-dims=\"1\" decoding=\"async\" width=\"640\" height=\"480\" data-src=\"https:\/\/i0.wp.com\/herbasimple.com\/blog\/wp-content\/uploads\/2025\/05\/Arbres-fruitiers-proteges-par-cloture.png?resize=640%2C480&#038;ssl=1\" alt=\"\" class=\"wp-image-3101 lazyload\" data-srcset=\"https:\/\/i0.wp.com\/herbasimple.com\/blog\/wp-content\/uploads\/2025\/05\/Arbres-fruitiers-proteges-par-cloture.png?w=756&amp;ssl=1 756w, https:\/\/i0.wp.com\/herbasimple.com\/blog\/wp-content\/uploads\/2025\/05\/Arbres-fruitiers-proteges-par-cloture.png?resize=300%2C225&amp;ssl=1 300w\" data-sizes=\"(max-width: 640px) 100vw, 640px\" src=\"data:image\/svg+xml;base64,PHN2ZyB3aWR0aD0iMSIgaGVpZ2h0PSIxIiB4bWxucz0iaHR0cDovL3d3dy53My5vcmcvMjAwMC9zdmciPjwvc3ZnPg==\" style=\"--smush-placeholder-width: 640px; --smush-placeholder-aspect-ratio: 640\/480;\" \/><\/figure>\n<\/div>\n\n\n<h3 class=\"wp-block-heading\">Organisation des jardins<\/h3>\n\n\n\n<p>Mon jardin est organis\u00e9 en <strong>buttes, trac\u00e9es parall\u00e8lement \u00e0 la pente du terrain<\/strong>. Cette disposition permet \u00e0 l\u2019eau de pluie de s\u2019infiltrer en profondeur dans les buttes \u00e0 mesure qu\u2019elle descend. Cela me sauve bien des arrosages pendant l&rsquo;\u00e9t\u00e9 !<\/p>\n\n\n\n<p>J\u2019ai ainsi r\u00e9serv\u00e9 des <strong>sections pr\u00e9cises aux plantes m\u00e9dicinales vivaces<\/strong>. Cela facilite le d\u00e9sherbage : ceux qui viennent m\u2019aider savent d\u2019embl\u00e9e quelles rang\u00e9es me sont r\u00e9serv\u00e9es, et peuvent s\u2019occuper librement des autres. <\/p>\n\n\n<div class=\"wp-block-image\">\n<figure class=\"aligncenter size-full\"><img data-recalc-dims=\"1\" decoding=\"async\" width=\"640\" height=\"480\" data-src=\"https:\/\/i0.wp.com\/herbasimple.com\/blog\/wp-content\/uploads\/2025\/05\/Jardins-herbasimple-mai-2025.jpg?resize=640%2C480&#038;ssl=1\" alt=\"\" class=\"wp-image-3104 lazyload\" data-srcset=\"https:\/\/i0.wp.com\/herbasimple.com\/blog\/wp-content\/uploads\/2025\/05\/Jardins-herbasimple-mai-2025.jpg?w=756&amp;ssl=1 756w, https:\/\/i0.wp.com\/herbasimple.com\/blog\/wp-content\/uploads\/2025\/05\/Jardins-herbasimple-mai-2025.jpg?resize=300%2C225&amp;ssl=1 300w\" data-sizes=\"(max-width: 640px) 100vw, 640px\" src=\"data:image\/svg+xml;base64,PHN2ZyB3aWR0aD0iMSIgaGVpZ2h0PSIxIiB4bWxucz0iaHR0cDovL3d3dy53My5vcmcvMjAwMC9zdmciPjwvc3ZnPg==\" style=\"--smush-placeholder-width: 640px; --smush-placeholder-aspect-ratio: 640\/480;\" \/><figcaption class=\"wp-element-caption\">Jardins en mai 2025 &#8211; cl\u00f4ture \u00e0 venir, d\u00e9serbage non termin\u00e9<\/figcaption><\/figure>\n<\/div>\n\n\n<p>Ensuite, j\u2019ai divis\u00e9 le jardin en <strong>diff\u00e9rentes zones<\/strong> : les <strong>l\u00e9gumes-racines<\/strong> sont regroup\u00e9s ensemble, tout comme les <strong>l\u00e9gumes-feuilles<\/strong>. J\u2019ai aussi d\u00e9di\u00e9 une section aux <strong>fines herbes<\/strong>, une autre aux <strong>l\u00e9gumes grimpants<\/strong>, et une autre zone aux plantes m\u00e9dicinales annuelles. <\/p>\n\n\n\n<p>Cette organisation me permet non seulement de mieux planifier mes <strong>rotations de cultures<\/strong>, mais aussi de <strong>simplifier les r\u00e9coltes et l\u2019entretien quotidien<\/strong>. <\/p>\n\n\n<div class=\"wp-block-image\">\n<figure class=\"aligncenter size-full\"><img data-recalc-dims=\"1\" decoding=\"async\" width=\"640\" height=\"480\" data-src=\"https:\/\/i0.wp.com\/herbasimple.com\/blog\/wp-content\/uploads\/2025\/05\/Jardins-herbasimple2-mai-2025.png?resize=640%2C480&#038;ssl=1\" alt=\"\" class=\"wp-image-3105 lazyload\" data-srcset=\"https:\/\/i0.wp.com\/herbasimple.com\/blog\/wp-content\/uploads\/2025\/05\/Jardins-herbasimple2-mai-2025.png?w=756&amp;ssl=1 756w, https:\/\/i0.wp.com\/herbasimple.com\/blog\/wp-content\/uploads\/2025\/05\/Jardins-herbasimple2-mai-2025.png?resize=300%2C225&amp;ssl=1 300w\" data-sizes=\"(max-width: 640px) 100vw, 640px\" src=\"data:image\/svg+xml;base64,PHN2ZyB3aWR0aD0iMSIgaGVpZ2h0PSIxIiB4bWxucz0iaHR0cDovL3d3dy53My5vcmcvMjAwMC9zdmciPjwvc3ZnPg==\" style=\"--smush-placeholder-width: 640px; --smush-placeholder-aspect-ratio: 640\/480;\" \/><figcaption class=\"wp-element-caption\">Jardins en mai 2025 &#8211; cl\u00f4ture \u00e0 venir, d\u00e9serbage non termin\u00e9<\/figcaption><\/figure>\n<\/div>\n\n\n<p>Quant aux <strong>choux<\/strong>, je les installe toujours ensemble. Cela me permet de les recouvrir facilement d\u2019un <strong>filet protecteur<\/strong>, d\u2019un bout \u00e0 l\u2019autre du rang.<\/p>\n\n\n\n<p>En fin de compte, c\u2019est une organisation qui me fait gagner beaucoup de temps et qui donne \u00e0 chaque plante les meilleures chances de s\u2019\u00e9panouir. <\/p>\n\n\n<div class=\"wp-block-image\">\n<figure class=\"aligncenter size-full\"><img data-recalc-dims=\"1\" decoding=\"async\" width=\"640\" height=\"539\" data-src=\"https:\/\/i0.wp.com\/herbasimple.com\/blog\/wp-content\/uploads\/2024\/05\/jardins-herbasimple-aout.jpg?resize=640%2C539&#038;ssl=1\" alt=\"Jardins HerbaSimple en ao\u00fbt 2023\" class=\"wp-image-2202 lazyload\" data-srcset=\"https:\/\/i0.wp.com\/herbasimple.com\/blog\/wp-content\/uploads\/2024\/05\/jardins-herbasimple-aout.jpg?w=756&amp;ssl=1 756w, https:\/\/i0.wp.com\/herbasimple.com\/blog\/wp-content\/uploads\/2024\/05\/jardins-herbasimple-aout.jpg?resize=300%2C253&amp;ssl=1 300w\" data-sizes=\"(max-width: 640px) 100vw, 640px\" src=\"data:image\/svg+xml;base64,PHN2ZyB3aWR0aD0iMSIgaGVpZ2h0PSIxIiB4bWxucz0iaHR0cDovL3d3dy53My5vcmcvMjAwMC9zdmciPjwvc3ZnPg==\" style=\"--smush-placeholder-width: 640px; --smush-placeholder-aspect-ratio: 640\/539;\" \/><figcaption class=\"wp-element-caption\">Jardins HerbaSimple en ao\u00fbt 2023<\/figcaption><\/figure>\n<\/div>\n\n\n<p class=\"has-medium-font-size\">Et vous, qu\u2019avez-vous sem\u00e9 ce printemps \u2014 au jardin ou dans votre vie \u2014 pour r\u00e9colter demain ? \ud83c\udf31 Partagez vos exp\u00e9riences, vos essais, vos erreurs et vos petites victoires en commentaire : j\u2019adore vous lire !<\/p>\n\n\n\n<p><em>Cet article participe \u00e0 la&nbsp;<a href=\"https:\/\/oeuf-poule-poussin.com\/la-farandole-des-blogs\/\" target=\"_blank\" rel=\"noreferrer noopener\">Farandole des Blogs<\/a>&nbsp;dont le th\u00e8me<a href=\"https:\/\/www.senrichiravecpierre-elie.com\/semer-aujourdhui-pour-recolter-demain-edition-n4\/\" target=\"_blank\" rel=\"noreferrer noopener\">&nbsp;\u00ab Semer aujourd\u2019hui pour r\u00e9colter demain \u00bb<\/a>&nbsp;est propos\u00e9 par Pierre-\u00c9lie du blog&nbsp;<a href=\"https:\/\/www.senrichiravecpierre-elie.com\/\" target=\"_blank\" rel=\"noreferrer noopener\">S\u2019enrichir avec Pierre-\u00c9lie<\/a>.\u200b<\/em><\/p>\n\n\n\n<p><\/p>\n","protected":false},"excerpt":{"rendered":"<p>J\u2019ai un tr\u00e8s grand terrain \u2014 environ 15 acres de superficie. Au printemps, j&rsquo;ai beaucoup de d\u00e9fis : entretien des&hellip;<\/p>\n","protected":false},"author":2,"featured_media":3104,"comment_status":"open","ping_status":"open","sticky":false,"template":"","format":"standard","meta":{"om_disable_all_campaigns":false,"pagelayer_contact_templates":[],"_pagelayer_content":"","_uag_custom_page_level_css":"","_exactmetrics_skip_tracking":false,"_exactmetrics_sitenote_active":false,"_exactmetrics_sitenote_note":"","_exactmetrics_sitenote_category":0,"jetpack_post_was_ever_published":false,"_jetpack_newsletter_access":"","_jetpack_dont_email_post_to_subs":false,"_jetpack_newsletter_tier_id":0,"_jetpack_memberships_contains_paywalled_content":false,"_jetpack_memberships_contains_paid_content":false,"footnotes":"","jetpack_publicize_message":"","jetpack_publicize_feature_enabled":true,"jetpack_social_post_already_shared":true,"jetpack_social_options":{"image_generator_settings":{"template":"highway","default_image_id":0,"font":"","enabled":false},"version":2}},"categories":[237],"tags":[380,378,375,377,376,379],"class_list":["post-3099","post","type-post","status-publish","format-standard","has-post-thumbnail","hentry","category-collaborations","tag-erreurs-a-ne-pas-faire-en-permaculture","tag-herboristerie-et-permaculture","tag-jardinage","tag-jardins-en-permaculture","tag-permaculture-au-quebec","tag-plantes-medicinales-en-permaculture"],"yoast_head":"<!-- This site is optimized with the Yoast SEO plugin v27.5 - https:\/\/yoast.com\/product\/yoast-seo-wordpress\/ -->\n<title>Pr\u00e9parer le terrain pour une bonne r\u00e9colte - Herbasimple<\/title>\n<meta name=\"description\" content=\"Au printemps, c\u2019est une belle opportunit\u00e9 de pr\u00e9parer le terrain pour une bonne r\u00e9colte. Quelques unes de mes erreurs avec la permaculture.\" \/>\n<meta name=\"robots\" content=\"index, follow, max-snippet:-1, max-image-preview:large, max-video-preview:-1\" \/>\n<link rel=\"canonical\" href=\"https:\/\/herbasimple.com\/blog\/preparer-le-terrain-pour-une-bonne-recolte\/\" \/>\n<meta property=\"og:locale\" content=\"fr_FR\" \/>\n<meta property=\"og:type\" content=\"article\" \/>\n<meta property=\"og:title\" content=\"Pr\u00e9parer le terrain pour une bonne r\u00e9colte - Herbasimple\" \/>\n<meta property=\"og:description\" content=\"Au printemps, c\u2019est une belle opportunit\u00e9 de pr\u00e9parer le terrain pour une bonne r\u00e9colte. Quelques unes de mes erreurs avec la permaculture.\" \/>\n<meta property=\"og:url\" content=\"https:\/\/herbasimple.com\/blog\/preparer-le-terrain-pour-une-bonne-recolte\/\" \/>\n<meta property=\"og:site_name\" content=\"Herbasimple\" \/>\n<meta property=\"article:publisher\" content=\"https:\/\/www.facebook.com\/HerbaSimple\/\" \/>\n<meta property=\"article:published_time\" content=\"2025-05-23T19:35:33+00:00\" \/>\n<meta property=\"article:modified_time\" content=\"2025-09-12T21:24:27+00:00\" \/>\n<meta property=\"og:image\" content=\"https:\/\/herbasimple.com\/blog\/wp-content\/uploads\/2025\/05\/Jardins-herbasimple-mai-2025.jpg\" \/>\n\t<meta property=\"og:image:width\" content=\"756\" \/>\n\t<meta property=\"og:image:height\" content=\"567\" \/>\n\t<meta property=\"og:image:type\" content=\"image\/jpeg\" \/>\n<meta name=\"author\" content=\"M\u00e9lanie Ricard-Quirion\" \/>\n<meta name=\"twitter:card\" content=\"summary_large_image\" \/>\n<script type=\"application\/ld+json\" class=\"yoast-schema-graph\">{\"@context\":\"https:\\\/\\\/schema.org\",\"@graph\":[{\"@type\":\"Article\",\"@id\":\"https:\\\/\\\/herbasimple.com\\\/blog\\\/preparer-le-terrain-pour-une-bonne-recolte\\\/#article\",\"isPartOf\":{\"@id\":\"https:\\\/\\\/herbasimple.com\\\/blog\\\/preparer-le-terrain-pour-une-bonne-recolte\\\/\"},\"author\":{\"name\":\"M\u00e9lanie Ricard-Quirion\",\"@id\":\"https:\\\/\\\/herbasimple.com\\\/blog\\\/#\\\/schema\\\/person\\\/65d02e4dfb101903264d5632745b4fb7\"},\"headline\":\"Pr\u00e9parer le terrain pour une bonne r\u00e9colte\",\"datePublished\":\"2025-05-23T19:35:33+00:00\",\"dateModified\":\"2025-09-12T21:24:27+00:00\",\"mainEntityOfPage\":{\"@id\":\"https:\\\/\\\/herbasimple.com\\\/blog\\\/preparer-le-terrain-pour-une-bonne-recolte\\\/\"},\"wordCount\":1329,\"commentCount\":7,\"publisher\":{\"@id\":\"https:\\\/\\\/herbasimple.com\\\/blog\\\/#organization\"},\"image\":{\"@id\":\"https:\\\/\\\/herbasimple.com\\\/blog\\\/preparer-le-terrain-pour-une-bonne-recolte\\\/#primaryimage\"},\"thumbnailUrl\":\"https:\\\/\\\/i0.wp.com\\\/herbasimple.com\\\/blog\\\/wp-content\\\/uploads\\\/2025\\\/05\\\/Jardins-herbasimple-mai-2025.jpg?fit=756%2C567&ssl=1\",\"keywords\":[\"Erreurs \u00e0 ne pas faire en permaculture\",\"herboristerie et permaculture\",\"jardinage\",\"jardins en permaculture\",\"permaculture au qu\u00e9bec\",\"plantes m\u00e9dicinales en permaculture\"],\"articleSection\":[\"Collaborations &amp; communaut\u00e9\"],\"inLanguage\":\"fr-FR\",\"potentialAction\":[{\"@type\":\"CommentAction\",\"name\":\"Comment\",\"target\":[\"https:\\\/\\\/herbasimple.com\\\/blog\\\/preparer-le-terrain-pour-une-bonne-recolte\\\/#respond\"]}]},{\"@type\":\"WebPage\",\"@id\":\"https:\\\/\\\/herbasimple.com\\\/blog\\\/preparer-le-terrain-pour-une-bonne-recolte\\\/\",\"url\":\"https:\\\/\\\/herbasimple.com\\\/blog\\\/preparer-le-terrain-pour-une-bonne-recolte\\\/\",\"name\":\"Pr\u00e9parer le terrain pour une bonne r\u00e9colte - Herbasimple\",\"isPartOf\":{\"@id\":\"https:\\\/\\\/herbasimple.com\\\/blog\\\/#website\"},\"primaryImageOfPage\":{\"@id\":\"https:\\\/\\\/herbasimple.com\\\/blog\\\/preparer-le-terrain-pour-une-bonne-recolte\\\/#primaryimage\"},\"image\":{\"@id\":\"https:\\\/\\\/herbasimple.com\\\/blog\\\/preparer-le-terrain-pour-une-bonne-recolte\\\/#primaryimage\"},\"thumbnailUrl\":\"https:\\\/\\\/i0.wp.com\\\/herbasimple.com\\\/blog\\\/wp-content\\\/uploads\\\/2025\\\/05\\\/Jardins-herbasimple-mai-2025.jpg?fit=756%2C567&ssl=1\",\"datePublished\":\"2025-05-23T19:35:33+00:00\",\"dateModified\":\"2025-09-12T21:24:27+00:00\",\"description\":\"Au printemps, c\u2019est une belle opportunit\u00e9 de pr\u00e9parer le terrain pour une bonne r\u00e9colte. Quelques unes de mes erreurs avec la permaculture.\",\"breadcrumb\":{\"@id\":\"https:\\\/\\\/herbasimple.com\\\/blog\\\/preparer-le-terrain-pour-une-bonne-recolte\\\/#breadcrumb\"},\"inLanguage\":\"fr-FR\",\"potentialAction\":[{\"@type\":\"ReadAction\",\"target\":[\"https:\\\/\\\/herbasimple.com\\\/blog\\\/preparer-le-terrain-pour-une-bonne-recolte\\\/\"]}]},{\"@type\":\"ImageObject\",\"inLanguage\":\"fr-FR\",\"@id\":\"https:\\\/\\\/herbasimple.com\\\/blog\\\/preparer-le-terrain-pour-une-bonne-recolte\\\/#primaryimage\",\"url\":\"https:\\\/\\\/i0.wp.com\\\/herbasimple.com\\\/blog\\\/wp-content\\\/uploads\\\/2025\\\/05\\\/Jardins-herbasimple-mai-2025.jpg?fit=756%2C567&ssl=1\",\"contentUrl\":\"https:\\\/\\\/i0.wp.com\\\/herbasimple.com\\\/blog\\\/wp-content\\\/uploads\\\/2025\\\/05\\\/Jardins-herbasimple-mai-2025.jpg?fit=756%2C567&ssl=1\",\"width\":756,\"height\":567,\"caption\":\"Jardins HerbaSimple en mai 2025\"},{\"@type\":\"BreadcrumbList\",\"@id\":\"https:\\\/\\\/herbasimple.com\\\/blog\\\/preparer-le-terrain-pour-une-bonne-recolte\\\/#breadcrumb\",\"itemListElement\":[{\"@type\":\"ListItem\",\"position\":1,\"name\":\"Accueil\",\"item\":\"https:\\\/\\\/herbasimple.com\\\/blog\\\/\"},{\"@type\":\"ListItem\",\"position\":2,\"name\":\"Pr\u00e9parer le terrain pour une bonne r\u00e9colte\"}]},{\"@type\":\"WebSite\",\"@id\":\"https:\\\/\\\/herbasimple.com\\\/blog\\\/#website\",\"url\":\"https:\\\/\\\/herbasimple.com\\\/blog\\\/\",\"name\":\"Herbasimple\",\"description\":\"D\u00e9couvrez les secrets des plantes m\u00e9dicinales pour les utiliser \u00e0 leur plein potentiel!\",\"publisher\":{\"@id\":\"https:\\\/\\\/herbasimple.com\\\/blog\\\/#organization\"},\"potentialAction\":[{\"@type\":\"SearchAction\",\"target\":{\"@type\":\"EntryPoint\",\"urlTemplate\":\"https:\\\/\\\/herbasimple.com\\\/blog\\\/?s={search_term_string}\"},\"query-input\":{\"@type\":\"PropertyValueSpecification\",\"valueRequired\":true,\"valueName\":\"search_term_string\"}}],\"inLanguage\":\"fr-FR\"},{\"@type\":\"Organization\",\"@id\":\"https:\\\/\\\/herbasimple.com\\\/blog\\\/#organization\",\"name\":\"HerbaSimple\",\"url\":\"https:\\\/\\\/herbasimple.com\\\/blog\\\/\",\"logo\":{\"@type\":\"ImageObject\",\"inLanguage\":\"fr-FR\",\"@id\":\"https:\\\/\\\/herbasimple.com\\\/blog\\\/#\\\/schema\\\/logo\\\/image\\\/\",\"url\":\"https:\\\/\\\/i0.wp.com\\\/herbasimple.com\\\/blog\\\/wp-content\\\/uploads\\\/2023\\\/07\\\/logo-HerbaSimple-350pi.jpg?fit=354%2C350&ssl=1\",\"contentUrl\":\"https:\\\/\\\/i0.wp.com\\\/herbasimple.com\\\/blog\\\/wp-content\\\/uploads\\\/2023\\\/07\\\/logo-HerbaSimple-350pi.jpg?fit=354%2C350&ssl=1\",\"width\":354,\"height\":350,\"caption\":\"HerbaSimple\"},\"image\":{\"@id\":\"https:\\\/\\\/herbasimple.com\\\/blog\\\/#\\\/schema\\\/logo\\\/image\\\/\"},\"sameAs\":[\"https:\\\/\\\/www.facebook.com\\\/HerbaSimple\\\/\",\"https:\\\/\\\/www.instagram.com\\\/melherbasimple\\\/\",\"https:\\\/\\\/www.youtube.com\\\/@herbasimple\",\"https:\\\/\\\/www.linkedin.com\\\/in\\\/melaniericardquirion\\\/\"]},{\"@type\":\"Person\",\"@id\":\"https:\\\/\\\/herbasimple.com\\\/blog\\\/#\\\/schema\\\/person\\\/65d02e4dfb101903264d5632745b4fb7\",\"name\":\"M\u00e9lanie Ricard-Quirion\",\"image\":{\"@type\":\"ImageObject\",\"inLanguage\":\"fr-FR\",\"@id\":\"https:\\\/\\\/secure.gravatar.com\\\/avatar\\\/63123e4b8ab1870ef893f33c6d6e8649a17e719da073d199fb0b7d258eddb97c?s=96&d=mm&r=g\",\"url\":\"https:\\\/\\\/secure.gravatar.com\\\/avatar\\\/63123e4b8ab1870ef893f33c6d6e8649a17e719da073d199fb0b7d258eddb97c?s=96&d=mm&r=g\",\"contentUrl\":\"https:\\\/\\\/secure.gravatar.com\\\/avatar\\\/63123e4b8ab1870ef893f33c6d6e8649a17e719da073d199fb0b7d258eddb97c?s=96&d=mm&r=g\",\"caption\":\"M\u00e9lanie Ricard-Quirion\"},\"sameAs\":[\"https:\\\/\\\/herbasimple.com\\\/blog\"],\"url\":\"https:\\\/\\\/herbasimple.com\\\/blog\\\/author\\\/admin-2\\\/\"}]}<\/script>\n<!-- \/ Yoast SEO plugin. -->","yoast_head_json":{"title":"Pr\u00e9parer le terrain pour une bonne r\u00e9colte - Herbasimple","description":"Au printemps, c\u2019est une belle opportunit\u00e9 de pr\u00e9parer le terrain pour une bonne r\u00e9colte. Quelques unes de mes erreurs avec la permaculture.","robots":{"index":"index","follow":"follow","max-snippet":"max-snippet:-1","max-image-preview":"max-image-preview:large","max-video-preview":"max-video-preview:-1"},"canonical":"https:\/\/herbasimple.com\/blog\/preparer-le-terrain-pour-une-bonne-recolte\/","og_locale":"fr_FR","og_type":"article","og_title":"Pr\u00e9parer le terrain pour une bonne r\u00e9colte - Herbasimple","og_description":"Au printemps, c\u2019est une belle opportunit\u00e9 de pr\u00e9parer le terrain pour une bonne r\u00e9colte. Quelques unes de mes erreurs avec la permaculture.","og_url":"https:\/\/herbasimple.com\/blog\/preparer-le-terrain-pour-une-bonne-recolte\/","og_site_name":"Herbasimple","article_publisher":"https:\/\/www.facebook.com\/HerbaSimple\/","article_published_time":"2025-05-23T19:35:33+00:00","article_modified_time":"2025-09-12T21:24:27+00:00","og_image":[{"width":756,"height":567,"url":"https:\/\/herbasimple.com\/blog\/wp-content\/uploads\/2025\/05\/Jardins-herbasimple-mai-2025.jpg","type":"image\/jpeg"}],"author":"M\u00e9lanie Ricard-Quirion","twitter_card":"summary_large_image","schema":{"@context":"https:\/\/schema.org","@graph":[{"@type":"Article","@id":"https:\/\/herbasimple.com\/blog\/preparer-le-terrain-pour-une-bonne-recolte\/#article","isPartOf":{"@id":"https:\/\/herbasimple.com\/blog\/preparer-le-terrain-pour-une-bonne-recolte\/"},"author":{"name":"M\u00e9lanie Ricard-Quirion","@id":"https:\/\/herbasimple.com\/blog\/#\/schema\/person\/65d02e4dfb101903264d5632745b4fb7"},"headline":"Pr\u00e9parer le terrain pour une bonne r\u00e9colte","datePublished":"2025-05-23T19:35:33+00:00","dateModified":"2025-09-12T21:24:27+00:00","mainEntityOfPage":{"@id":"https:\/\/herbasimple.com\/blog\/preparer-le-terrain-pour-une-bonne-recolte\/"},"wordCount":1329,"commentCount":7,"publisher":{"@id":"https:\/\/herbasimple.com\/blog\/#organization"},"image":{"@id":"https:\/\/herbasimple.com\/blog\/preparer-le-terrain-pour-une-bonne-recolte\/#primaryimage"},"thumbnailUrl":"https:\/\/i0.wp.com\/herbasimple.com\/blog\/wp-content\/uploads\/2025\/05\/Jardins-herbasimple-mai-2025.jpg?fit=756%2C567&ssl=1","keywords":["Erreurs \u00e0 ne pas faire en permaculture","herboristerie et permaculture","jardinage","jardins en permaculture","permaculture au qu\u00e9bec","plantes m\u00e9dicinales en permaculture"],"articleSection":["Collaborations &amp; communaut\u00e9"],"inLanguage":"fr-FR","potentialAction":[{"@type":"CommentAction","name":"Comment","target":["https:\/\/herbasimple.com\/blog\/preparer-le-terrain-pour-une-bonne-recolte\/#respond"]}]},{"@type":"WebPage","@id":"https:\/\/herbasimple.com\/blog\/preparer-le-terrain-pour-une-bonne-recolte\/","url":"https:\/\/herbasimple.com\/blog\/preparer-le-terrain-pour-une-bonne-recolte\/","name":"Pr\u00e9parer le terrain pour une bonne r\u00e9colte - Herbasimple","isPartOf":{"@id":"https:\/\/herbasimple.com\/blog\/#website"},"primaryImageOfPage":{"@id":"https:\/\/herbasimple.com\/blog\/preparer-le-terrain-pour-une-bonne-recolte\/#primaryimage"},"image":{"@id":"https:\/\/herbasimple.com\/blog\/preparer-le-terrain-pour-une-bonne-recolte\/#primaryimage"},"thumbnailUrl":"https:\/\/i0.wp.com\/herbasimple.com\/blog\/wp-content\/uploads\/2025\/05\/Jardins-herbasimple-mai-2025.jpg?fit=756%2C567&ssl=1","datePublished":"2025-05-23T19:35:33+00:00","dateModified":"2025-09-12T21:24:27+00:00","description":"Au printemps, c\u2019est une belle opportunit\u00e9 de pr\u00e9parer le terrain pour une bonne r\u00e9colte. Quelques unes de mes erreurs avec la permaculture.","breadcrumb":{"@id":"https:\/\/herbasimple.com\/blog\/preparer-le-terrain-pour-une-bonne-recolte\/#breadcrumb"},"inLanguage":"fr-FR","potentialAction":[{"@type":"ReadAction","target":["https:\/\/herbasimple.com\/blog\/preparer-le-terrain-pour-une-bonne-recolte\/"]}]},{"@type":"ImageObject","inLanguage":"fr-FR","@id":"https:\/\/herbasimple.com\/blog\/preparer-le-terrain-pour-une-bonne-recolte\/#primaryimage","url":"https:\/\/i0.wp.com\/herbasimple.com\/blog\/wp-content\/uploads\/2025\/05\/Jardins-herbasimple-mai-2025.jpg?fit=756%2C567&ssl=1","contentUrl":"https:\/\/i0.wp.com\/herbasimple.com\/blog\/wp-content\/uploads\/2025\/05\/Jardins-herbasimple-mai-2025.jpg?fit=756%2C567&ssl=1","width":756,"height":567,"caption":"Jardins HerbaSimple en mai 2025"},{"@type":"BreadcrumbList","@id":"https:\/\/herbasimple.com\/blog\/preparer-le-terrain-pour-une-bonne-recolte\/#breadcrumb","itemListElement":[{"@type":"ListItem","position":1,"name":"Accueil","item":"https:\/\/herbasimple.com\/blog\/"},{"@type":"ListItem","position":2,"name":"Pr\u00e9parer le terrain pour une bonne r\u00e9colte"}]},{"@type":"WebSite","@id":"https:\/\/herbasimple.com\/blog\/#website","url":"https:\/\/herbasimple.com\/blog\/","name":"Herbasimple","description":"D\u00e9couvrez les secrets des plantes m\u00e9dicinales pour les utiliser \u00e0 leur plein potentiel!","publisher":{"@id":"https:\/\/herbasimple.com\/blog\/#organization"},"potentialAction":[{"@type":"SearchAction","target":{"@type":"EntryPoint","urlTemplate":"https:\/\/herbasimple.com\/blog\/?s={search_term_string}"},"query-input":{"@type":"PropertyValueSpecification","valueRequired":true,"valueName":"search_term_string"}}],"inLanguage":"fr-FR"},{"@type":"Organization","@id":"https:\/\/herbasimple.com\/blog\/#organization","name":"HerbaSimple","url":"https:\/\/herbasimple.com\/blog\/","logo":{"@type":"ImageObject","inLanguage":"fr-FR","@id":"https:\/\/herbasimple.com\/blog\/#\/schema\/logo\/image\/","url":"https:\/\/i0.wp.com\/herbasimple.com\/blog\/wp-content\/uploads\/2023\/07\/logo-HerbaSimple-350pi.jpg?fit=354%2C350&ssl=1","contentUrl":"https:\/\/i0.wp.com\/herbasimple.com\/blog\/wp-content\/uploads\/2023\/07\/logo-HerbaSimple-350pi.jpg?fit=354%2C350&ssl=1","width":354,"height":350,"caption":"HerbaSimple"},"image":{"@id":"https:\/\/herbasimple.com\/blog\/#\/schema\/logo\/image\/"},"sameAs":["https:\/\/www.facebook.com\/HerbaSimple\/","https:\/\/www.instagram.com\/melherbasimple\/","https:\/\/www.youtube.com\/@herbasimple","https:\/\/www.linkedin.com\/in\/melaniericardquirion\/"]},{"@type":"Person","@id":"https:\/\/herbasimple.com\/blog\/#\/schema\/person\/65d02e4dfb101903264d5632745b4fb7","name":"M\u00e9lanie Ricard-Quirion","image":{"@type":"ImageObject","inLanguage":"fr-FR","@id":"https:\/\/secure.gravatar.com\/avatar\/63123e4b8ab1870ef893f33c6d6e8649a17e719da073d199fb0b7d258eddb97c?s=96&d=mm&r=g","url":"https:\/\/secure.gravatar.com\/avatar\/63123e4b8ab1870ef893f33c6d6e8649a17e719da073d199fb0b7d258eddb97c?s=96&d=mm&r=g","contentUrl":"https:\/\/secure.gravatar.com\/avatar\/63123e4b8ab1870ef893f33c6d6e8649a17e719da073d199fb0b7d258eddb97c?s=96&d=mm&r=g","caption":"M\u00e9lanie Ricard-Quirion"},"sameAs":["https:\/\/herbasimple.com\/blog"],"url":"https:\/\/herbasimple.com\/blog\/author\/admin-2\/"}]}},"jetpack_publicize_connections":[],"jetpack_featured_media_url":"https:\/\/i0.wp.com\/herbasimple.com\/blog\/wp-content\/uploads\/2025\/05\/Jardins-herbasimple-mai-2025.jpg?fit=756%2C567&ssl=1","uagb_featured_image_src":{"full":["https:\/\/i0.wp.com\/herbasimple.com\/blog\/wp-content\/uploads\/2025\/05\/Jardins-herbasimple-mai-2025.jpg?fit=756%2C567&ssl=1",756,567,false],"thumbnail":["https:\/\/i0.wp.com\/herbasimple.com\/blog\/wp-content\/uploads\/2025\/05\/Jardins-herbasimple-mai-2025.jpg?resize=150%2C150&ssl=1",150,150,true],"medium":["https:\/\/i0.wp.com\/herbasimple.com\/blog\/wp-content\/uploads\/2025\/05\/Jardins-herbasimple-mai-2025.jpg?fit=300%2C225&ssl=1",300,225,true],"medium_large":["https:\/\/i0.wp.com\/herbasimple.com\/blog\/wp-content\/uploads\/2025\/05\/Jardins-herbasimple-mai-2025.jpg?fit=640%2C480&ssl=1",640,480,true],"large":["https:\/\/i0.wp.com\/herbasimple.com\/blog\/wp-content\/uploads\/2025\/05\/Jardins-herbasimple-mai-2025.jpg?fit=640%2C480&ssl=1",640,480,true],"1536x1536":["https:\/\/i0.wp.com\/herbasimple.com\/blog\/wp-content\/uploads\/2025\/05\/Jardins-herbasimple-mai-2025.jpg?fit=756%2C567&ssl=1",756,567,true],"2048x2048":["https:\/\/i0.wp.com\/herbasimple.com\/blog\/wp-content\/uploads\/2025\/05\/Jardins-herbasimple-mai-2025.jpg?fit=756%2C567&ssl=1",756,567,true]},"uagb_author_info":{"display_name":"M\u00e9lanie Ricard-Quirion","author_link":"https:\/\/herbasimple.com\/blog\/author\/admin-2\/"},"uagb_comment_info":7,"uagb_excerpt":"J\u2019ai un tr\u00e8s grand terrain \u2014 environ 15 acres de superficie. Au printemps, j&rsquo;ai beaucoup de d\u00e9fis : entretien des&hellip;","jetpack_sharing_enabled":true,"jetpack_likes_enabled":true,"jetpack-related-posts":[{"id":2355,"url":"https:\/\/herbasimple.com\/blog\/la-permatherapie-par-loic-plisson\/","url_meta":{"origin":3099,"position":0},"title":"La permath\u00e9rapie par Lo\u00efc Plisson","author":"M\u00e9lanie Ricard-Quirion","date":false,"format":false,"excerpt":"J'ai rencontr\u00e9 Lo\u00efc Plisson afin qu'il me parle de la permath\u00e9rapie car j'\u00e9tais tr\u00e8s curieuse de savoir quels pouvaient \u00eatre les liens entre la permaculture et les approches th\u00e9rapeutiques naturelles. De mon point de vue, les mol\u00e9cules dans les plantes sont porteuses de fr\u00e9quences tout comme les humains que nous\u2026","rel":"","context":"Dans &quot;Collaborations &amp; communaut\u00e9&quot;","block_context":{"text":"Collaborations &amp; communaut\u00e9","link":"https:\/\/herbasimple.com\/blog\/category\/collaborations\/"},"img":{"alt_text":"Entrevue avec Lo\u00efc Plisson, permath\u00e9rapeute","src":"https:\/\/i0.wp.com\/herbasimple.com\/blog\/wp-content\/uploads\/2024\/06\/Entrevue-avec-Loic-Plisson4.png?fit=1200%2C675&ssl=1&resize=350%2C200","width":350,"height":200,"srcset":"https:\/\/i0.wp.com\/herbasimple.com\/blog\/wp-content\/uploads\/2024\/06\/Entrevue-avec-Loic-Plisson4.png?fit=1200%2C675&ssl=1&resize=350%2C200 1x, https:\/\/i0.wp.com\/herbasimple.com\/blog\/wp-content\/uploads\/2024\/06\/Entrevue-avec-Loic-Plisson4.png?fit=1200%2C675&ssl=1&resize=525%2C300 1.5x, https:\/\/i0.wp.com\/herbasimple.com\/blog\/wp-content\/uploads\/2024\/06\/Entrevue-avec-Loic-Plisson4.png?fit=1200%2C675&ssl=1&resize=700%2C400 2x, https:\/\/i0.wp.com\/herbasimple.com\/blog\/wp-content\/uploads\/2024\/06\/Entrevue-avec-Loic-Plisson4.png?fit=1200%2C675&ssl=1&resize=1050%2C600 3x"},"classes":[]},{"id":1494,"url":"https:\/\/herbasimple.com\/blog\/comment-faire-son-huile-dargousier\/","url_meta":{"origin":3099,"position":1},"title":"Comment faire son huile d&rsquo;argousier","author":"M\u00e9lanie Ricard-Quirion","date":false,"format":false,"excerpt":"L'argousier (Seabuckthorn en anglais) a captiv\u00e9 mon attention lorsque je me suis int\u00e9ress\u00e9e aux arbres fruitiers et \u00e0 la permaculture. Je cherchais un arbre facile \u00e0 cultiver, capable de r\u00e9sister aux hivers qu\u00e9b\u00e9cois et pas trop appr\u00e9ci\u00e9 par les chevreuils. Eh bien, je peux vous dire que l'argousier tient toutes\u2026","rel":"","context":"Dans &quot;Plantes m\u00e9dicinales&quot;","block_context":{"text":"Plantes m\u00e9dicinales","link":"https:\/\/herbasimple.com\/blog\/category\/plantes-medicinales\/"},"img":{"alt_text":"","src":"https:\/\/i0.wp.com\/herbasimple.com\/blog\/wp-content\/uploads\/2023\/11\/fruits-argousier-extraction-huile.jpg?resize=350%2C200&ssl=1","width":350,"height":200},"classes":[]},{"id":2138,"url":"https:\/\/herbasimple.com\/blog\/recoltes-au-debut-du-printemps\/","url_meta":{"origin":3099,"position":2},"title":"R\u00e9coltes au d\u00e9but du printemps","author":"M\u00e9lanie Ricard-Quirion","date":false,"format":false,"excerpt":"Sur mon terrain, la nature s'\u00e9veille doucement. Les oiseaux \ud83d\udc26chantent de plus en plus, accompagn\u00e9s par le croassement de quelques grenouilles \ud83d\udc38, tandis que les premi\u00e8res pousses percent timidement la terre \ud83c\udf31. Chaque ann\u00e9e, ce spectacle printanier me remplit d'une grande excitation \ud83e\udd29. Dans cet article, je vous invite \u00e0\u2026","rel":"","context":"Dans &quot;Plantes m\u00e9dicinales&quot;","block_context":{"text":"Plantes m\u00e9dicinales","link":"https:\/\/herbasimple.com\/blog\/category\/plantes-medicinales\/"},"img":{"alt_text":"Jeunes pousses d'ortie au printemps","src":"https:\/\/i0.wp.com\/herbasimple.com\/blog\/wp-content\/uploads\/2024\/05\/Pousses-ortie-dioique-printemps.jpg?fit=756%2C567&ssl=1&resize=350%2C200","width":350,"height":200,"srcset":"https:\/\/i0.wp.com\/herbasimple.com\/blog\/wp-content\/uploads\/2024\/05\/Pousses-ortie-dioique-printemps.jpg?fit=756%2C567&ssl=1&resize=350%2C200 1x, https:\/\/i0.wp.com\/herbasimple.com\/blog\/wp-content\/uploads\/2024\/05\/Pousses-ortie-dioique-printemps.jpg?fit=756%2C567&ssl=1&resize=525%2C300 1.5x, https:\/\/i0.wp.com\/herbasimple.com\/blog\/wp-content\/uploads\/2024\/05\/Pousses-ortie-dioique-printemps.jpg?fit=756%2C567&ssl=1&resize=700%2C400 2x"},"classes":[]},{"id":2188,"url":"https:\/\/herbasimple.com\/blog\/faire-le-plein-denergie-vitale-avec-les-plantes\/","url_meta":{"origin":3099,"position":3},"title":"Faire le plein d&rsquo;\u00e9nergie vitale avec les plantes","author":"M\u00e9lanie Ricard-Quirion","date":false,"format":false,"excerpt":"D\u00e8s que j'ai publi\u00e9 mon article sur les jus verts, je me suis rendue compte qu'il y manquait l'essentiel. \u00c0 premi\u00e8re vue, boire du jus vert \u00e0 base de plantes sauvages peut sembler peu app\u00e9tissant pour beaucoup d'entre nous. Une personne a m\u00eame qualifi\u00e9 cela de d\u00e9go\u00fbtant. C'est alors que\u2026","rel":"","context":"Dans &quot;Sant\u00e9 &amp; \u00e9quilibre naturel&quot;","block_context":{"text":"Sant\u00e9 &amp; \u00e9quilibre naturel","link":"https:\/\/herbasimple.com\/blog\/category\/sante-equilibre-naturel\/"},"img":{"alt_text":"Un enfant et une personne plus ag\u00e9e qui sautent de bonheur. Ils sont plein de vitalit\u00e9.","src":"https:\/\/i0.wp.com\/herbasimple.com\/blog\/wp-content\/uploads\/2024\/05\/gens-heureux2.jpg?fit=640%2C427&ssl=1&resize=350%2C200","width":350,"height":200,"srcset":"https:\/\/i0.wp.com\/herbasimple.com\/blog\/wp-content\/uploads\/2024\/05\/gens-heureux2.jpg?fit=640%2C427&ssl=1&resize=350%2C200 1x, https:\/\/i0.wp.com\/herbasimple.com\/blog\/wp-content\/uploads\/2024\/05\/gens-heureux2.jpg?fit=640%2C427&ssl=1&resize=525%2C300 1.5x"},"classes":[]},{"id":2853,"url":"https:\/\/herbasimple.com\/blog\/5-plantes-medicinales-a-cultiver\/","url_meta":{"origin":3099,"position":4},"title":"5 Plantes m\u00e9dicinales \u00e0 cultiver","author":"M\u00e9lanie Ricard-Quirion","date":false,"format":false,"excerpt":"Stress, digestion difficile, bouff\u00e9es de chaleurs, nuits agit\u00e9es\u2026 et si votre jardin pouvait vous offrir des solutions ? Cultiver ses propres plantes m\u00e9dicinales, c\u2019est s\u2019assurer d\u2019avoir sous la main des alli\u00e9es pr\u00e9cieuses pour le bien-\u00eatre du corps et de l\u2019esprit. Certaines plantes sont particuli\u00e8rement int\u00e9ressantes pour calmer le syst\u00e8me nerveux,\u2026","rel":"","context":"Dans &quot;Plantes m\u00e9dicinales&quot;","block_context":{"text":"Plantes m\u00e9dicinales","link":"https:\/\/herbasimple.com\/blog\/category\/plantes-medicinales\/"},"img":{"alt_text":"Pavot de californie (Eschscholzia californica)","src":"https:\/\/i0.wp.com\/herbasimple.com\/blog\/wp-content\/uploads\/2023\/08\/pavot-californie-Herbasimple.jpg?fit=443%2C333&ssl=1&resize=350%2C200","width":350,"height":200},"classes":[]},{"id":1041,"url":"https:\/\/herbasimple.com\/blog\/laneth-nest-pas-seulement-pour-les-cornichons\/","url_meta":{"origin":3099,"position":5},"title":"L&rsquo;aneth n&rsquo;est pas seulement pour les cornichons !","author":"M\u00e9lanie Ricard-Quirion","date":false,"format":false,"excerpt":"L'aneth n'est pas r\u00e9serv\u00e9 uniquement aux cornichons, et ce n'est pas moi qui le dis ! Au-del\u00e0 de sa popularit\u00e9 dans l'univers des pickles, cette herbe verte d\u00e9tient une gamme surprenante de bienfaits pour la sant\u00e9. L'aneth aide \u00e0 dig\u00e9rer, soulage les ballonnements, rafra\u00eechit l\u2019haleine (vraiment\u202f!) et calme m\u00eame certaines\u2026","rel":"","context":"Dans &quot;Plantes m\u00e9dicinales&quot;","block_context":{"text":"Plantes m\u00e9dicinales","link":"https:\/\/herbasimple.com\/blog\/category\/plantes-medicinales\/"},"img":{"alt_text":"Graines d'aneth, anethum graveolens","src":"https:\/\/i0.wp.com\/herbasimple.com\/blog\/wp-content\/uploads\/2023\/08\/Aneth-graines_anethum-graveolens_mini.jpg?resize=350%2C200&ssl=1","width":350,"height":200},"classes":[]}],"_links":{"self":[{"href":"https:\/\/herbasimple.com\/blog\/wp-json\/wp\/v2\/posts\/3099","targetHints":{"allow":["GET"]}}],"collection":[{"href":"https:\/\/herbasimple.com\/blog\/wp-json\/wp\/v2\/posts"}],"about":[{"href":"https:\/\/herbasimple.com\/blog\/wp-json\/wp\/v2\/types\/post"}],"author":[{"embeddable":true,"href":"https:\/\/herbasimple.com\/blog\/wp-json\/wp\/v2\/users\/2"}],"replies":[{"embeddable":true,"href":"https:\/\/herbasimple.com\/blog\/wp-json\/wp\/v2\/comments?post=3099"}],"version-history":[{"count":5,"href":"https:\/\/herbasimple.com\/blog\/wp-json\/wp\/v2\/posts\/3099\/revisions"}],"predecessor-version":[{"id":3109,"href":"https:\/\/herbasimple.com\/blog\/wp-json\/wp\/v2\/posts\/3099\/revisions\/3109"}],"wp:featuredmedia":[{"embeddable":true,"href":"https:\/\/herbasimple.com\/blog\/wp-json\/wp\/v2\/media\/3104"}],"wp:attachment":[{"href":"https:\/\/herbasimple.com\/blog\/wp-json\/wp\/v2\/media?parent=3099"}],"wp:term":[{"taxonomy":"category","embeddable":true,"href":"https:\/\/herbasimple.com\/blog\/wp-json\/wp\/v2\/categories?post=3099"},{"taxonomy":"post_tag","embeddable":true,"href":"https:\/\/herbasimple.com\/blog\/wp-json\/wp\/v2\/tags?post=3099"}],"curies":[{"name":"wp","href":"https:\/\/api.w.org\/{rel}","templated":true}]}}